{"id":1355,"date":"2026-02-17T12:55:37","date_gmt":"2026-02-17T11:55:37","guid":{"rendered":"https:\/\/cirppa.org\/?p=1355"},"modified":"2026-02-17T12:55:37","modified_gmt":"2026-02-17T11:55:37","slug":"deces-de-rene-kaes","status":"publish","type":"post","link":"https:\/\/cirppa.org\/index.php\/2026\/02\/17\/deces-de-rene-kaes\/","title":{"rendered":"D\u00e9c\u00e8s de Ren\u00e9 KA\u00cbS"},"content":{"rendered":"<p>Nous avons appris avec tristesse le d\u00e9c\u00e8s de Ren\u00e9 KA\u00cbS le 1er f\u00e9vrier 2026, homme de grande qualit\u00e9,ouvert aux autres et g\u00e9n\u00e9reux dans sa pens\u00e9e.<\/p>\n<p>Psychanalyste proche du Quatri\u00e8me Groupe, il \u00e9tait un universitaire reconnu en psychologie clinique et psychopathologie. Nous lui devons une recherche sur les processus psychiques inconscients \u00e0 l\u2019\u0153uvre dans les groupes men\u00e9es au CEFFRAP(1) cr\u00e9\u00e9 par D. Anzieu en 1962 et dont il \u00e9tait membre fondateur.<\/p>\n<p>Tout au long des d\u00e9cennies suivantes,l&rsquo;exp\u00e9rience de l&rsquo;inconscient qu&rsquo;il a risqu\u00e9e avec rigueur dans des dispositifs groupaux a pu \u00e9clairer les configurations de liens qui s&rsquo;y d\u00e9veloppaient et nous ouvrir \u00e0 un corpus th\u00e9orique original prolongeant l\u2019\u0153uvre freudienne.(2)<\/p>\n<p>A\u00a0 ce titre, il avait parrain\u00e9 l&rsquo;institut de formation du CIRPPA au moment de sa cr\u00e9ation en 1991. Depuis nous avions eu l&rsquo;occasion de nombreux dialogues lors de ses participations \u00e0 plusieurs de nos congr\u00e8s et journ\u00e9es d&rsquo;\u00e9tudes. Notamment un \u00e9change m\u00e9morable avec Bernard BRUSSET qui conduira \u00e0 la publication dans la RPPG(3) d&rsquo;un article princeps sur\u00a0\u00bb la relation d&rsquo;objet dans les groupes\u00a0\u00bb. Nous avions aussi pu compter sur sa collaboration pour diriger avec Pierrette LAURENT le livre\u00a0\u00bbProcessus th\u00e9rapeutique dans les groupes\u00a0\u00bb paru dans notre collection(4).<\/p>\n<p>Riches\u00a0 de l&rsquo;appui que nous offre les concepts qu&rsquo;il a introduits, comme ceux de \u00ab\u00a0groupe interne\u00a0\u00bb , \u00ab\u00a0appareil psychique groupal\u00a0\u00bb ,\u00a0\u00bballiances inconscientes\u00a0\u00bb&#8230;nous avons \u00e0 poursuivre nos propres recherches dans le champ sp\u00e9cifique des psychoth\u00e9rapies psychanalytiques de groupe et plus largement dans la pratique des groupes th\u00e9rapeutiques.<\/p>\n<p>(1)CEFFRAP:Cercle d&rsquo; \u00e9tudes Fran\u00e7aises pour la Formation et la Recherche:Approche Psychanalytique du groupe, du Psychodrame, de l&rsquo;Institution.<\/p>\n<p>(2)KA\u00cbS.R,.2015 ,L\u2019extension de la psychanalyse. Pour une m\u00e9tapsychologie de troisi\u00e8me type, Dunod.<\/p>\n<p>(3)RPPG Revue de Psychoth\u00e9rapie\u00a0 Psychanalytique de Groupe ,\u00c8res.<\/p>\n<p>(4) Ren\u00e9 KA\u00cbS,Pierrette LAURENT, 2009&Prime; le processus th\u00e9rapeutique dans les groupes\u00a0\u00bb, Collection\u00a0\u00bbGroupes Th\u00e9rapeutiques\u00a0\u00bb,\u00c8res.<\/p>\n","protected":false},"excerpt":{"rendered":"<p>Nous avons appris avec tristesse le d\u00e9c\u00e8s de Ren\u00e9 KA\u00cbS le 1er f\u00e9vrier 2026, homme de grande qualit\u00e9,ouvert aux autres et g\u00e9n\u00e9reux dans sa pens\u00e9e. Psychanalyste proche du Quatri\u00e8me Groupe, il \u00e9tait un universitaire reconnu en psychologie clinique et psychopathologie. Nous lui devons une recherche sur les processus psychiques inconscients \u00e0 l\u2019\u0153uvre dans les groupes [&hellip;]<\/p>\n","protected":false},"author":2,"featured_media":0,"comment_status":"open","ping_status":"open","sticky":false,"template":"","format":"standard","meta":{"_et_pb_use_builder":"","_et_pb_old_content":"","_et_gb_content_width":"","footnotes":""},"categories":[1],"tags":[],"class_list":["post-1355","post","type-post","status-publish","format-standard","hentry","category-non-classe"],"_links":{"self":[{"href":"https:\/\/cirppa.org\/index.php\/wp-json\/wp\/v2\/posts\/1355","targetHints":{"allow":["GET"]}}],"collection":[{"href":"https:\/\/cirppa.org\/index.php\/wp-json\/wp\/v2\/posts"}],"about":[{"href":"https:\/\/cirppa.org\/index.php\/wp-json\/wp\/v2\/types\/post"}],"author":[{"embeddable":true,"href":"https:\/\/cirppa.org\/index.php\/wp-json\/wp\/v2\/users\/2"}],"replies":[{"embeddable":true,"href":"https:\/\/cirppa.org\/index.php\/wp-json\/wp\/v2\/comments?post=1355"}],"version-history":[{"count":1,"href":"https:\/\/cirppa.org\/index.php\/wp-json\/wp\/v2\/posts\/1355\/revisions"}],"predecessor-version":[{"id":1356,"href":"https:\/\/cirppa.org\/index.php\/wp-json\/wp\/v2\/posts\/1355\/revisions\/1356"}],"wp:attachment":[{"href":"https:\/\/cirppa.org\/index.php\/wp-json\/wp\/v2\/media?parent=1355"}],"wp:term":[{"taxonomy":"category","embeddable":true,"href":"https:\/\/cirppa.org\/index.php\/wp-json\/wp\/v2\/categories?post=1355"},{"taxonomy":"post_tag","embeddable":true,"href":"https:\/\/cirppa.org\/index.php\/wp-json\/wp\/v2\/tags?post=1355"}],"curies":[{"name":"wp","href":"https:\/\/api.w.org\/{rel}","templated":true}]}}