{"id":414,"date":"1999-11-05T09:00:55","date_gmt":"1999-11-05T08:00:55","guid":{"rendered":"https:\/\/cirppa.fr\/?p=414"},"modified":"2023-11-29T18:00:16","modified_gmt":"2023-11-29T17:00:16","slug":"n-4-violence-agressivite-et-groupe","status":"publish","type":"post","link":"https:\/\/cirppa.org\/index.php\/1999\/11\/05\/n-4-violence-agressivite-et-groupe\/","title":{"rendered":"N\u00b0: 4 \u2022 Violence, agressivit\u00e9 et groupe"},"content":{"rendered":"<div id=\"all\">\n<div id=\"back\">\n<div id=\"contentarea\">\n<div id=\"wrapper2\">\n<div id=\"main\" role=\"main\">\n<div class=\"item-page\">\n<p><img loading=\"lazy\" decoding=\"async\" class=\"alignnone size-medium wp-image-653\" src=\"https:\/\/cirppa.org\/wp-content\/uploads\/1999\/11\/violience-eres-202x300.jpg\" alt=\"\" width=\"202\" height=\"300\" \/><\/p>\n<p><strong>Sous la direction de :<\/strong>\u00a0CHAPELIER ( Jean-Bernard )\u00a0PRIVAT (Pierre)<\/p>\n<p><span class=\"Style6\">La question de la violence dans les groupes d&rsquo;enfants ou d&rsquo;adolescents se pose in\u00e9vitablement \u00e0 tous ceux qui, professionnellement, sont confront\u00e9s \u00e0 une pratique groupale, qu&rsquo;ils soient \u00e9ducateurs, infirmiers, psychologues, psychoth\u00e9rapeutes ou r\u00e9\u00e9ducateurs.<\/span><\/p>\n<p>L&rsquo;approche psychoth\u00e9rapique des groupes nous donne un \u00e9clairage particulier sur l&rsquo;\u00e9closion de la violence et sur les r\u00e9ponses possibles \u00e0 lui apporter. En effet, la violence dans les groupes para\u00eet souvent \u00eatre sans objet, comme la manifestation d&rsquo;un besoin imp\u00e9rieux d&rsquo;agir. Autant l&rsquo;agressivit\u00e9 qui est adress\u00e9e \u00e0 un objet est supportable, surtout venant d&rsquo;un enfant, autant cette violence pour la violence d\u00e9clenche chez le th\u00e9rapeute le m\u00eame processus \u00e9motionnel en miroir, avec la sensation indupportable de se sentir contamin\u00e9 et submerg\u00e9. Cette violence fait scandale pour le th\u00e9rapeute car elle fait voler en \u00e9clat ses id\u00e9aux th\u00e9rapeutiques.<\/p>\n<p>Cet ouvrage envisage tous les actes, toutes les \u00e9motions et tensions ayant un contenu violent ou agressif qui apparaissent dans les groupes th\u00e9rapeutiques d&rsquo;enfants et d&rsquo;adolescents, analyse leurs destins respectifs et propose des pistes pour la conduite des groupes. La forme tr\u00e8s clinique de ce livre vient illustrer la fonction de transformation des groupes dans des situations diverses (\u00e2ges, pathologies&#8230;) tout en montrant les emb\u00fbches et les difficult\u00e9s auxquelles les th\u00e9rapeutes de groupes sont confront\u00e9s pour \u00e9viter les r\u00e9p\u00e9titions qui peuvent conduire \u00e0 la mort ou au d\u00e9membrement du groupe.<\/p>\n<p><strong>En collaboration avec :<\/strong><br \/>\nB. Brusset, O. Avron, G. Haag, F. Sacco, D. Qu\u00e9lin-Souligoux, H. Chapelli\u00e8re, B. Guettier, S. Urwand, C. Thomas, M. Boubli, T. Laffont, I. Dubois, N. Amoletti, D. Roffat, F. Saby-Bourdon, A. Fr\u00e9javille, D. Seban-Lefebvre, D. Agostini, M. Bernardi, A. M. Pratoussy, M. Peguet, P. Guyonvarc&rsquo;h, J. J. Poncelet, M. Monmayrant, H. Popper, M. Delpeut, M. Bernabei<\/p>\n<p><strong>\u00c9<span class=\"Style8\">diteur :<\/span>\u00a0<\/strong><a href=\"https:\/\/www.editions-eres.com\/ouvrage\/522\/violence-agressivite-et-groupe\" target=\"_blank\" rel=\"noopener\"><span class=\"Style7\">Er\u00e8s<\/span><\/a><br \/>\n<strong><span class=\"Style8\">Collection :<\/span>\u00a0<\/strong><span class=\"Style9\">Les groupes th\u00e9rapeutiques<\/span><br \/>\n<strong>Date de parution :<\/strong> 1999<\/p>\n<\/div>\n<\/div>\n<\/div>\n<\/div>\n<\/div>\n<\/div>\n","protected":false},"excerpt":{"rendered":"<p>Sous la direction de :\u00a0CHAPELIER ( Jean-Bernard )\u00a0PRIVAT (Pierre) La question de la violence dans les groupes d&rsquo;enfants ou d&rsquo;adolescents se pose in\u00e9vitablement \u00e0 tous ceux qui, professionnellement, sont confront\u00e9s \u00e0 une pratique groupale, qu&rsquo;ils soient \u00e9ducateurs, infirmiers, psychologues, psychoth\u00e9rapeutes ou r\u00e9\u00e9ducateurs. L&rsquo;approche psychoth\u00e9rapique des groupes nous donne un \u00e9clairage particulier sur l&rsquo;\u00e9closion de la [&hellip;]<\/p>\n","protected":false},"author":2,"featured_media":653,"comment_status":"open","ping_status":"open","sticky":false,"template":"","format":"standard","meta":{"_et_pb_use_builder":"","_et_pb_old_content":"","_et_gb_content_width":"","footnotes":""},"categories":[16],"tags":[],"class_list":["post-414","post","type-post","status-publish","format-standard","has-post-thumbnail","hentry","category-publications"],"_links":{"self":[{"href":"https:\/\/cirppa.org\/index.php\/wp-json\/wp\/v2\/posts\/414","targetHints":{"allow":["GET"]}}],"collection":[{"href":"https:\/\/cirppa.org\/index.php\/wp-json\/wp\/v2\/posts"}],"about":[{"href":"https:\/\/cirppa.org\/index.php\/wp-json\/wp\/v2\/types\/post"}],"author":[{"embeddable":true,"href":"https:\/\/cirppa.org\/index.php\/wp-json\/wp\/v2\/users\/2"}],"replies":[{"embeddable":true,"href":"https:\/\/cirppa.org\/index.php\/wp-json\/wp\/v2\/comments?post=414"}],"version-history":[{"count":3,"href":"https:\/\/cirppa.org\/index.php\/wp-json\/wp\/v2\/posts\/414\/revisions"}],"predecessor-version":[{"id":654,"href":"https:\/\/cirppa.org\/index.php\/wp-json\/wp\/v2\/posts\/414\/revisions\/654"}],"wp:featuredmedia":[{"embeddable":true,"href":"https:\/\/cirppa.org\/index.php\/wp-json\/wp\/v2\/media\/653"}],"wp:attachment":[{"href":"https:\/\/cirppa.org\/index.php\/wp-json\/wp\/v2\/media?parent=414"}],"wp:term":[{"taxonomy":"category","embeddable":true,"href":"https:\/\/cirppa.org\/index.php\/wp-json\/wp\/v2\/categories?post=414"},{"taxonomy":"post_tag","embeddable":true,"href":"https:\/\/cirppa.org\/index.php\/wp-json\/wp\/v2\/tags?post=414"}],"curies":[{"name":"wp","href":"https:\/\/api.w.org\/{rel}","templated":true}]}}