{"id":431,"date":"2015-11-06T15:48:56","date_gmt":"2015-11-06T14:48:56","guid":{"rendered":"https:\/\/cirppa.fr\/?p=431"},"modified":"2023-11-29T17:36:42","modified_gmt":"2023-11-29T16:36:42","slug":"n11-corps-gestes-et-langagues-dans-les-groupes-therapeutiques","status":"publish","type":"post","link":"https:\/\/cirppa.org\/index.php\/2015\/11\/06\/n11-corps-gestes-et-langagues-dans-les-groupes-therapeutiques\/","title":{"rendered":"N\u00b011 \u2022 Corps gestes et langagues dans les groupes th\u00e9rapeutiques"},"content":{"rendered":"<div id=\"all\">\n<div id=\"back\">\n<div id=\"contentarea\">\n<div id=\"wrapper2\">\n<div id=\"main\" role=\"main\">\n<div class=\"item-page\">\n<p><img loading=\"lazy\" decoding=\"async\" class=\"alignnone size-medium wp-image-628\" src=\"https:\/\/cirppa.org\/wp-content\/uploads\/2015\/11\/003458230-200x300.jpg\" alt=\"\" width=\"200\" height=\"300\" \/><\/p>\n<p><strong>Sous la direction de :<\/strong>\u00a0CHAULET (Didier), GUETTIER (Blandine)<\/p>\n<p>Cet ouvrage d\u00e9veloppe une r\u00e9flexion sur les potentialit\u00e9s r\u00e9gressives des dispositifs de groupe. Leur capacit\u00e9 \u00e0 r\u00e9activer diff\u00e9rentes phases constitutives de la vie psychique induisent des exp\u00e9riences subjectives primitives, travers\u00e9es par des \u00e9prouv\u00e9s corporels. Cette possibilit\u00e9 de r\u00e9veiller des traces mn\u00e9siques inconscientes, avec son cort\u00e8ge de manifestations sensori-motrices, vient ouvrir la question du travail de symbolisation, dans ces conditions sp\u00e9cifiques.<\/p>\n<p>Comment cette pr\u00e9sence du corps et son expression gestuelle, en lien avec les autres du groupe, pr\u00e9figurent et font advenir le langage ? Quelles modalit\u00e9s de transformations contient le groupe pour accueillir des patients aux troubles identitaires, aux sympt\u00f4mes archa\u00efques, que ce soit de nature structurelle ou processuelle ? Comment cet espace de travail psychique groupal, avec ses mouvements incessants, entre \u00ab\u00a0je suis toi\u00a0\u00bb (ou comme toi) et \u00ab\u00a0je nesuis pas toi\u00a0\u00bb (ou pas comme toi), favorise pour chacun une appropriation subjective ?<\/p>\n<p>Les auteurs s&rsquo;appuient sur leur exp\u00e9rience clinique et les \u00e9volutions de la th\u00e9orie psychanalytique mises \u00e0 jour dans le champ des pathologies les plus archa\u00efques pour apporter leur contribution \u00e0 la recherche actuelle sur les mod\u00e8les du soin psychique.<\/p>\n<p><strong>En collaboration avec :<\/strong><br \/>\nS. Albinet, D. Aupetit, M. Boubli, J.B. Chapelier, H. Chapelli\u00e8re, I. Charpine Piscaglia, M. Chauvet, B. Dahan, A. Ducret, L. Dupouey, E. Emery, A. Fredenrich, F. Huber, C. Juptner, N. Kacha, P. Laurent, F. Leplat, D. Lhotellier-Setbon, C. Perrin, J.J. Poncelet, J. Raffin, D. Roffat, E. Schembri, C. Thibaut-Privat<\/p>\n<p><strong><span class=\"Style8\">\u00c9diteur :<\/span><\/strong>\u00a0<span class=\"Style7\">Er\u00e8s<\/span><br \/>\n<strong><span class=\"Style8\">Collection :<\/span>\u00a0<\/strong><span class=\"Style9\">Groupes Th\u00e9rapeutiques<\/span><br \/>\n<strong>Date de parution :<\/strong> 2015<\/p>\n<p><a href=\"https:\/\/lafureurdelire.leslibraires.fr\/livre\/7910340-corps-geste-et-langage-dans-les-groupes-therap--chaulet-didier-guett-eres\" target=\"_blank\" rel=\"noopener\">Lien<\/a><\/p>\n<\/div>\n<\/div>\n<\/div>\n<\/div>\n<\/div>\n<\/div>\n","protected":false},"excerpt":{"rendered":"<p>Sous la direction de :\u00a0CHAULET (Didier), GUETTIER (Blandine) Cet ouvrage d\u00e9veloppe une r\u00e9flexion sur les potentialit\u00e9s r\u00e9gressives des dispositifs de groupe. Leur capacit\u00e9 \u00e0 r\u00e9activer diff\u00e9rentes phases constitutives de la vie psychique induisent des exp\u00e9riences subjectives primitives, travers\u00e9es par des \u00e9prouv\u00e9s corporels. Cette possibilit\u00e9 de r\u00e9veiller des traces mn\u00e9siques inconscientes, avec son cort\u00e8ge de manifestations [&hellip;]<\/p>\n","protected":false},"author":2,"featured_media":628,"comment_status":"open","ping_status":"open","sticky":false,"template":"","format":"standard","meta":{"_et_pb_use_builder":"","_et_pb_old_content":"","_et_gb_content_width":"","footnotes":""},"categories":[16],"tags":[],"class_list":["post-431","post","type-post","status-publish","format-standard","has-post-thumbnail","hentry","category-publications"],"_links":{"self":[{"href":"https:\/\/cirppa.org\/index.php\/wp-json\/wp\/v2\/posts\/431","targetHints":{"allow":["GET"]}}],"collection":[{"href":"https:\/\/cirppa.org\/index.php\/wp-json\/wp\/v2\/posts"}],"about":[{"href":"https:\/\/cirppa.org\/index.php\/wp-json\/wp\/v2\/types\/post"}],"author":[{"embeddable":true,"href":"https:\/\/cirppa.org\/index.php\/wp-json\/wp\/v2\/users\/2"}],"replies":[{"embeddable":true,"href":"https:\/\/cirppa.org\/index.php\/wp-json\/wp\/v2\/comments?post=431"}],"version-history":[{"count":2,"href":"https:\/\/cirppa.org\/index.php\/wp-json\/wp\/v2\/posts\/431\/revisions"}],"predecessor-version":[{"id":629,"href":"https:\/\/cirppa.org\/index.php\/wp-json\/wp\/v2\/posts\/431\/revisions\/629"}],"wp:featuredmedia":[{"embeddable":true,"href":"https:\/\/cirppa.org\/index.php\/wp-json\/wp\/v2\/media\/628"}],"wp:attachment":[{"href":"https:\/\/cirppa.org\/index.php\/wp-json\/wp\/v2\/media?parent=431"}],"wp:term":[{"taxonomy":"category","embeddable":true,"href":"https:\/\/cirppa.org\/index.php\/wp-json\/wp\/v2\/categories?post=431"},{"taxonomy":"post_tag","embeddable":true,"href":"https:\/\/cirppa.org\/index.php\/wp-json\/wp\/v2\/tags?post=431"}],"curies":[{"name":"wp","href":"https:\/\/api.w.org\/{rel}","templated":true}]}}